{"id":6047,"date":"2025-02-28T11:27:33","date_gmt":"2025-02-28T10:27:33","guid":{"rendered":"https:\/\/www.cafelicita.com\/?p=6047"},"modified":"2025-02-28T11:37:01","modified_gmt":"2025-02-28T10:37:01","slug":"residence-cafelicita-wo-der-comer-see-ein-teil-von-dir-wird","status":"publish","type":"post","link":"https:\/\/www.cafelicita.com\/de\/residence-cafelicita-wo-der-comer-see-ein-teil-von-dir-wird\/","title":{"rendered":"Residence CaFelicita \u2013 Wo der Comer See ein Teil von dir wird"},"content":{"rendered":"<p>Schlie\u00dfe f\u00fcr einen Moment deine Augen \u2026 Stelle dir vor, du atmest die reine Luft des Comer Sees ein, der Duft des Wassers vermischt sich mit dem s\u00fc\u00dfen Aroma der Natur. H\u00f6re dem Schweigen zu, unterbrochen nur vom Gesang der V\u00f6gel und dem Fl\u00fcstern des Windes. Sp\u00fcre die W\u00e4rme der Sonne auf deiner Haut, w\u00e4hrend du dich auf einer Terrasse entspannst, die zwischen Himmel und See zu schweben scheint.<\/p>\n<p>Hier spricht jedes Detail zu dir. Die Zeit verlangsamt sich, deine Gedanken werden still. Du gibst dich einem tiefen Gef\u00fchl des Wohlbefindens hin, w\u00e4hrend sich der Horizont vor deinen Augen ausbreitet und dich zum Tr\u00e4umen einl\u00e4dt.<\/p>\n<img loading=\"lazy\" decoding=\"async\" class=\"alignnone size-medium wp-image-5914\" src=\"https:\/\/www.cafelicita.com\/wp-content\/uploads\/2024\/03\/cafelicita-DJI_0697-1081x720.jpg\" alt=\"\" width=\"1081\" height=\"720\" srcset=\"https:\/\/www.cafelicita.com\/wp-content\/uploads\/2024\/03\/cafelicita-DJI_0697-1081x720.jpg 1081w, https:\/\/www.cafelicita.com\/wp-content\/uploads\/2024\/03\/cafelicita-DJI_0697-1621x1080.jpg 1621w, https:\/\/www.cafelicita.com\/wp-content\/uploads\/2024\/03\/cafelicita-DJI_0697-768x512.jpg 768w, https:\/\/www.cafelicita.com\/wp-content\/uploads\/2024\/03\/cafelicita-DJI_0697-1536x1023.jpg 1536w, https:\/\/www.cafelicita.com\/wp-content\/uploads\/2024\/03\/cafelicita-DJI_0697.jpg 1920w\" sizes=\"auto, (max-width: 1081px) 100vw, 1081px\" \/>\n<p>F\u00fcr Paare ist es ein geheimer Zufluchtsort: Blicke, die sich im Sonnenuntergang begegnen, Abendessen im Kerzenschein unter dem Sternenhimmel, die Magie eines Ortes, der Herzen n\u00e4her bringt. F\u00fcr Familien ist es eine Welt, die es zu entdecken gilt: Lachen zwischen den Olivenhainen, Bootsausfl\u00fcge, die Freude, die in den einfachsten gemeinsamen Momenten liegt.<\/p>\n<p>Und w\u00e4hrend sich der See in deinen Augen spiegelt, sp\u00fcrst du tief in dir eine Gewissheit: Dies ist nicht nur ein Ort. Es ist ein Gef\u00fchl. Es ist Zuhause.<\/p>\n<p>Lass dich vom Comer See rufen. Buche jetzt deinen Moment des Gl\u00fccks.<\/p>\n","protected":false},"excerpt":{"rendered":"<p>Schlie\u00dfe f\u00fcr einen Moment deine Augen \u2026 Stelle dir vor, du atmest [&hellip;]<\/p>\n","protected":false},"author":2,"featured_media":421,"comment_status":"open","ping_status":"open","sticky":false,"template":"","format":"standard","meta":{"_acf_changed":false,"inline_featured_image":false,"footnotes":""},"categories":[4],"tags":[],"class_list":["post-6047","post","type-post","status-publish","format-standard","has-post-thumbnail","hentry","category-unkategorisiert"],"acf":[],"yoast_head":"<!-- This site is optimized with the Yoast SEO plugin v27.5 - https:\/\/yoast.com\/product\/yoast-seo-wordpress\/ -->\n<title>Residence CaFelicita \u2013 Wo der Comer See ein Teil von dir wird - Cafelicita Residence, casa vacanze sul lago di como<\/title>\n<meta name=\"robots\" content=\"index, follow, max-snippet:-1, max-image-preview:large, max-video-preview:-1\" \/>\n<link rel=\"canonical\" href=\"https:\/\/www.cafelicita.com\/de\/residence-cafelicita-wo-der-comer-see-ein-teil-von-dir-wird\/\" \/>\n<meta property=\"og:locale\" content=\"de_DE\" \/>\n<meta property=\"og:type\" content=\"article\" \/>\n<meta property=\"og:title\" content=\"Residence CaFelicita \u2013 Wo der Comer See ein Teil von dir wird - Cafelicita Residence, casa vacanze sul lago di como\" \/>\n<meta property=\"og:description\" content=\"Schlie\u00dfe f\u00fcr einen Moment deine Augen \u2026 Stelle dir vor, du atmest [&hellip;]\" \/>\n<meta property=\"og:url\" content=\"https:\/\/www.cafelicita.com\/de\/residence-cafelicita-wo-der-comer-see-ein-teil-von-dir-wird\/\" \/>\n<meta property=\"og:site_name\" content=\"Cafelicita\" \/>\n<meta property=\"article:published_time\" content=\"2025-02-28T10:27:33+00:00\" \/>\n<meta property=\"article:modified_time\" content=\"2025-02-28T10:37:01+00:00\" \/>\n<meta property=\"og:image\" content=\"https:\/\/www.cafelicita.com\/wp-content\/uploads\/2021\/11\/cafelicita-fotopiscina.jpg\" \/>\n\t<meta property=\"og:image:width\" content=\"1920\" \/>\n\t<meta property=\"og:image:height\" content=\"1161\" \/>\n\t<meta property=\"og:image:type\" content=\"image\/jpeg\" \/>\n<meta name=\"author\" content=\"linoolmostudio\" \/>\n<meta name=\"twitter:card\" content=\"summary_large_image\" \/>\n<meta name=\"twitter:label1\" content=\"Verfasst von\" \/>\n\t<meta name=\"twitter:data1\" content=\"linoolmostudio\" \/>\n\t<meta name=\"twitter:label2\" content=\"Gesch\u00e4tzte Lesezeit\" \/>\n\t<meta name=\"twitter:data2\" content=\"2\u00a0Minuten\" \/>\n<script type=\"application\/ld+json\" class=\"yoast-schema-graph\">{\"@context\":\"https:\\\/\\\/schema.org\",\"@graph\":[{\"@type\":\"Article\",\"@id\":\"https:\\\/\\\/www.cafelicita.com\\\/de\\\/residence-cafelicita-wo-der-comer-see-ein-teil-von-dir-wird\\\/#article\",\"isPartOf\":{\"@id\":\"https:\\\/\\\/www.cafelicita.com\\\/de\\\/residence-cafelicita-wo-der-comer-see-ein-teil-von-dir-wird\\\/\"},\"author\":{\"name\":\"linoolmostudio\",\"@id\":\"https:\\\/\\\/www.cafelicita.com\\\/#\\\/schema\\\/person\\\/ab51201f4f57e9d5d490ee0c387eb1d2\"},\"headline\":\"Residence CaFelicita \u2013 Wo der Comer See ein Teil von dir wird\",\"datePublished\":\"2025-02-28T10:27:33+00:00\",\"dateModified\":\"2025-02-28T10:37:01+00:00\",\"mainEntityOfPage\":{\"@id\":\"https:\\\/\\\/www.cafelicita.com\\\/de\\\/residence-cafelicita-wo-der-comer-see-ein-teil-von-dir-wird\\\/\"},\"wordCount\":229,\"commentCount\":0,\"image\":{\"@id\":\"https:\\\/\\\/www.cafelicita.com\\\/de\\\/residence-cafelicita-wo-der-comer-see-ein-teil-von-dir-wird\\\/#primaryimage\"},\"thumbnailUrl\":\"https:\\\/\\\/www.cafelicita.com\\\/wp-content\\\/uploads\\\/2021\\\/11\\\/cafelicita-fotopiscina.jpg\",\"articleSection\":[\"Unkategorisiert\"],\"inLanguage\":\"de\",\"potentialAction\":[{\"@type\":\"CommentAction\",\"name\":\"Comment\",\"target\":[\"https:\\\/\\\/www.cafelicita.com\\\/de\\\/residence-cafelicita-wo-der-comer-see-ein-teil-von-dir-wird\\\/#respond\"]}]},{\"@type\":\"WebPage\",\"@id\":\"https:\\\/\\\/www.cafelicita.com\\\/de\\\/residence-cafelicita-wo-der-comer-see-ein-teil-von-dir-wird\\\/\",\"url\":\"https:\\\/\\\/www.cafelicita.com\\\/de\\\/residence-cafelicita-wo-der-comer-see-ein-teil-von-dir-wird\\\/\",\"name\":\"Residence CaFelicita \u2013 Wo der Comer See ein Teil von dir wird - Cafelicita Residence, casa vacanze sul lago di como\",\"isPartOf\":{\"@id\":\"https:\\\/\\\/www.cafelicita.com\\\/#website\"},\"primaryImageOfPage\":{\"@id\":\"https:\\\/\\\/www.cafelicita.com\\\/de\\\/residence-cafelicita-wo-der-comer-see-ein-teil-von-dir-wird\\\/#primaryimage\"},\"image\":{\"@id\":\"https:\\\/\\\/www.cafelicita.com\\\/de\\\/residence-cafelicita-wo-der-comer-see-ein-teil-von-dir-wird\\\/#primaryimage\"},\"thumbnailUrl\":\"https:\\\/\\\/www.cafelicita.com\\\/wp-content\\\/uploads\\\/2021\\\/11\\\/cafelicita-fotopiscina.jpg\",\"datePublished\":\"2025-02-28T10:27:33+00:00\",\"dateModified\":\"2025-02-28T10:37:01+00:00\",\"author\":{\"@id\":\"https:\\\/\\\/www.cafelicita.com\\\/#\\\/schema\\\/person\\\/ab51201f4f57e9d5d490ee0c387eb1d2\"},\"breadcrumb\":{\"@id\":\"https:\\\/\\\/www.cafelicita.com\\\/de\\\/residence-cafelicita-wo-der-comer-see-ein-teil-von-dir-wird\\\/#breadcrumb\"},\"inLanguage\":\"de\",\"potentialAction\":[{\"@type\":\"ReadAction\",\"target\":[\"https:\\\/\\\/www.cafelicita.com\\\/de\\\/residence-cafelicita-wo-der-comer-see-ein-teil-von-dir-wird\\\/\"]}]},{\"@type\":\"ImageObject\",\"inLanguage\":\"de\",\"@id\":\"https:\\\/\\\/www.cafelicita.com\\\/de\\\/residence-cafelicita-wo-der-comer-see-ein-teil-von-dir-wird\\\/#primaryimage\",\"url\":\"https:\\\/\\\/www.cafelicita.com\\\/wp-content\\\/uploads\\\/2021\\\/11\\\/cafelicita-fotopiscina.jpg\",\"contentUrl\":\"https:\\\/\\\/www.cafelicita.com\\\/wp-content\\\/uploads\\\/2021\\\/11\\\/cafelicita-fotopiscina.jpg\",\"width\":1920,\"height\":1161},{\"@type\":\"BreadcrumbList\",\"@id\":\"https:\\\/\\\/www.cafelicita.com\\\/de\\\/residence-cafelicita-wo-der-comer-see-ein-teil-von-dir-wird\\\/#breadcrumb\",\"itemListElement\":[{\"@type\":\"ListItem\",\"position\":1,\"name\":\"Home\",\"item\":\"https:\\\/\\\/www.cafelicita.com\\\/de\\\/\"},{\"@type\":\"ListItem\",\"position\":2,\"name\":\"Residence CaFelicita \u2013 Wo der Comer See ein Teil von dir wird\"}]},{\"@type\":\"WebSite\",\"@id\":\"https:\\\/\\\/www.cafelicita.com\\\/#website\",\"url\":\"https:\\\/\\\/www.cafelicita.com\\\/\",\"name\":\"Cafelicita\",\"description\":\"Residence, casa vacanze sul lago di como\",\"potentialAction\":[{\"@type\":\"SearchAction\",\"target\":{\"@type\":\"EntryPoint\",\"urlTemplate\":\"https:\\\/\\\/www.cafelicita.com\\\/?s={search_term_string}\"},\"query-input\":{\"@type\":\"PropertyValueSpecification\",\"valueRequired\":true,\"valueName\":\"search_term_string\"}}],\"inLanguage\":\"de\"},{\"@type\":\"Person\",\"@id\":\"https:\\\/\\\/www.cafelicita.com\\\/#\\\/schema\\\/person\\\/ab51201f4f57e9d5d490ee0c387eb1d2\",\"name\":\"linoolmostudio\",\"image\":{\"@type\":\"ImageObject\",\"inLanguage\":\"de\",\"@id\":\"https:\\\/\\\/secure.gravatar.com\\\/avatar\\\/909eb767562adfac067add0758ed4a42f33cbb31de71894de7d312bb4c9bf0ed?s=96&d=mm&r=g\",\"url\":\"https:\\\/\\\/secure.gravatar.com\\\/avatar\\\/909eb767562adfac067add0758ed4a42f33cbb31de71894de7d312bb4c9bf0ed?s=96&d=mm&r=g\",\"contentUrl\":\"https:\\\/\\\/secure.gravatar.com\\\/avatar\\\/909eb767562adfac067add0758ed4a42f33cbb31de71894de7d312bb4c9bf0ed?s=96&d=mm&r=g\",\"caption\":\"linoolmostudio\"},\"sameAs\":[\"https:\\\/\\\/www.cafelicita.com\"]}]}<\/script>\n<!-- \/ Yoast SEO plugin. -->","yoast_head_json":{"title":"Residence CaFelicita \u2013 Wo der Comer See ein Teil von dir wird - Cafelicita Residence, casa vacanze sul lago di como","robots":{"index":"index","follow":"follow","max-snippet":"max-snippet:-1","max-image-preview":"max-image-preview:large","max-video-preview":"max-video-preview:-1"},"canonical":"https:\/\/www.cafelicita.com\/de\/residence-cafelicita-wo-der-comer-see-ein-teil-von-dir-wird\/","og_locale":"de_DE","og_type":"article","og_title":"Residence CaFelicita \u2013 Wo der Comer See ein Teil von dir wird - Cafelicita Residence, casa vacanze sul lago di como","og_description":"Schlie\u00dfe f\u00fcr einen Moment deine Augen \u2026 Stelle dir vor, du atmest [&hellip;]","og_url":"https:\/\/www.cafelicita.com\/de\/residence-cafelicita-wo-der-comer-see-ein-teil-von-dir-wird\/","og_site_name":"Cafelicita","article_published_time":"2025-02-28T10:27:33+00:00","article_modified_time":"2025-02-28T10:37:01+00:00","og_image":[{"width":1920,"height":1161,"url":"https:\/\/www.cafelicita.com\/wp-content\/uploads\/2021\/11\/cafelicita-fotopiscina.jpg","type":"image\/jpeg"}],"author":"linoolmostudio","twitter_card":"summary_large_image","twitter_misc":{"Verfasst von":"linoolmostudio","Gesch\u00e4tzte Lesezeit":"2\u00a0Minuten"},"schema":{"@context":"https:\/\/schema.org","@graph":[{"@type":"Article","@id":"https:\/\/www.cafelicita.com\/de\/residence-cafelicita-wo-der-comer-see-ein-teil-von-dir-wird\/#article","isPartOf":{"@id":"https:\/\/www.cafelicita.com\/de\/residence-cafelicita-wo-der-comer-see-ein-teil-von-dir-wird\/"},"author":{"name":"linoolmostudio","@id":"https:\/\/www.cafelicita.com\/#\/schema\/person\/ab51201f4f57e9d5d490ee0c387eb1d2"},"headline":"Residence CaFelicita \u2013 Wo der Comer See ein Teil von dir wird","datePublished":"2025-02-28T10:27:33+00:00","dateModified":"2025-02-28T10:37:01+00:00","mainEntityOfPage":{"@id":"https:\/\/www.cafelicita.com\/de\/residence-cafelicita-wo-der-comer-see-ein-teil-von-dir-wird\/"},"wordCount":229,"commentCount":0,"image":{"@id":"https:\/\/www.cafelicita.com\/de\/residence-cafelicita-wo-der-comer-see-ein-teil-von-dir-wird\/#primaryimage"},"thumbnailUrl":"https:\/\/www.cafelicita.com\/wp-content\/uploads\/2021\/11\/cafelicita-fotopiscina.jpg","articleSection":["Unkategorisiert"],"inLanguage":"de","potentialAction":[{"@type":"CommentAction","name":"Comment","target":["https:\/\/www.cafelicita.com\/de\/residence-cafelicita-wo-der-comer-see-ein-teil-von-dir-wird\/#respond"]}]},{"@type":"WebPage","@id":"https:\/\/www.cafelicita.com\/de\/residence-cafelicita-wo-der-comer-see-ein-teil-von-dir-wird\/","url":"https:\/\/www.cafelicita.com\/de\/residence-cafelicita-wo-der-comer-see-ein-teil-von-dir-wird\/","name":"Residence CaFelicita \u2013 Wo der Comer See ein Teil von dir wird - Cafelicita Residence, casa vacanze sul lago di como","isPartOf":{"@id":"https:\/\/www.cafelicita.com\/#website"},"primaryImageOfPage":{"@id":"https:\/\/www.cafelicita.com\/de\/residence-cafelicita-wo-der-comer-see-ein-teil-von-dir-wird\/#primaryimage"},"image":{"@id":"https:\/\/www.cafelicita.com\/de\/residence-cafelicita-wo-der-comer-see-ein-teil-von-dir-wird\/#primaryimage"},"thumbnailUrl":"https:\/\/www.cafelicita.com\/wp-content\/uploads\/2021\/11\/cafelicita-fotopiscina.jpg","datePublished":"2025-02-28T10:27:33+00:00","dateModified":"2025-02-28T10:37:01+00:00","author":{"@id":"https:\/\/www.cafelicita.com\/#\/schema\/person\/ab51201f4f57e9d5d490ee0c387eb1d2"},"breadcrumb":{"@id":"https:\/\/www.cafelicita.com\/de\/residence-cafelicita-wo-der-comer-see-ein-teil-von-dir-wird\/#breadcrumb"},"inLanguage":"de","potentialAction":[{"@type":"ReadAction","target":["https:\/\/www.cafelicita.com\/de\/residence-cafelicita-wo-der-comer-see-ein-teil-von-dir-wird\/"]}]},{"@type":"ImageObject","inLanguage":"de","@id":"https:\/\/www.cafelicita.com\/de\/residence-cafelicita-wo-der-comer-see-ein-teil-von-dir-wird\/#primaryimage","url":"https:\/\/www.cafelicita.com\/wp-content\/uploads\/2021\/11\/cafelicita-fotopiscina.jpg","contentUrl":"https:\/\/www.cafelicita.com\/wp-content\/uploads\/2021\/11\/cafelicita-fotopiscina.jpg","width":1920,"height":1161},{"@type":"BreadcrumbList","@id":"https:\/\/www.cafelicita.com\/de\/residence-cafelicita-wo-der-comer-see-ein-teil-von-dir-wird\/#breadcrumb","itemListElement":[{"@type":"ListItem","position":1,"name":"Home","item":"https:\/\/www.cafelicita.com\/de\/"},{"@type":"ListItem","position":2,"name":"Residence CaFelicita \u2013 Wo der Comer See ein Teil von dir wird"}]},{"@type":"WebSite","@id":"https:\/\/www.cafelicita.com\/#website","url":"https:\/\/www.cafelicita.com\/","name":"Cafelicita","description":"Residence, casa vacanze sul lago di como","potentialAction":[{"@type":"SearchAction","target":{"@type":"EntryPoint","urlTemplate":"https:\/\/www.cafelicita.com\/?s={search_term_string}"},"query-input":{"@type":"PropertyValueSpecification","valueRequired":true,"valueName":"search_term_string"}}],"inLanguage":"de"},{"@type":"Person","@id":"https:\/\/www.cafelicita.com\/#\/schema\/person\/ab51201f4f57e9d5d490ee0c387eb1d2","name":"linoolmostudio","image":{"@type":"ImageObject","inLanguage":"de","@id":"https:\/\/secure.gravatar.com\/avatar\/909eb767562adfac067add0758ed4a42f33cbb31de71894de7d312bb4c9bf0ed?s=96&d=mm&r=g","url":"https:\/\/secure.gravatar.com\/avatar\/909eb767562adfac067add0758ed4a42f33cbb31de71894de7d312bb4c9bf0ed?s=96&d=mm&r=g","contentUrl":"https:\/\/secure.gravatar.com\/avatar\/909eb767562adfac067add0758ed4a42f33cbb31de71894de7d312bb4c9bf0ed?s=96&d=mm&r=g","caption":"linoolmostudio"},"sameAs":["https:\/\/www.cafelicita.com"]}]}},"_links":{"self":[{"href":"https:\/\/www.cafelicita.com\/de\/wp-json\/wp\/v2\/posts\/6047","targetHints":{"allow":["GET"]}}],"collection":[{"href":"https:\/\/www.cafelicita.com\/de\/wp-json\/wp\/v2\/posts"}],"about":[{"href":"https:\/\/www.cafelicita.com\/de\/wp-json\/wp\/v2\/types\/post"}],"author":[{"embeddable":true,"href":"https:\/\/www.cafelicita.com\/de\/wp-json\/wp\/v2\/users\/2"}],"replies":[{"embeddable":true,"href":"https:\/\/www.cafelicita.com\/de\/wp-json\/wp\/v2\/comments?post=6047"}],"version-history":[{"count":1,"href":"https:\/\/www.cafelicita.com\/de\/wp-json\/wp\/v2\/posts\/6047\/revisions"}],"predecessor-version":[{"id":6048,"href":"https:\/\/www.cafelicita.com\/de\/wp-json\/wp\/v2\/posts\/6047\/revisions\/6048"}],"wp:featuredmedia":[{"embeddable":true,"href":"https:\/\/www.cafelicita.com\/de\/wp-json\/wp\/v2\/media\/421"}],"wp:attachment":[{"href":"https:\/\/www.cafelicita.com\/de\/wp-json\/wp\/v2\/media?parent=6047"}],"wp:term":[{"taxonomy":"category","embeddable":true,"href":"https:\/\/www.cafelicita.com\/de\/wp-json\/wp\/v2\/categories?post=6047"},{"taxonomy":"post_tag","embeddable":true,"href":"https:\/\/www.cafelicita.com\/de\/wp-json\/wp\/v2\/tags?post=6047"}],"curies":[{"name":"wp","href":"https:\/\/api.w.org\/{rel}","templated":true}]}}